{"id":530,"date":"2021-10-30T15:21:18","date_gmt":"2021-10-30T12:21:18","guid":{"rendered":"https:\/\/www.kraftmimarlikinsaat.com\/mimarlik\/?p=530"},"modified":"2021-10-30T15:27:35","modified_gmt":"2021-10-30T12:27:35","slug":"kraft-villa-kent-calismalari-basladi","status":"publish","type":"post","link":"https:\/\/www.kraftmimarlikinsaat.com\/mimarlik\/2021\/10\/30\/kraft-villa-kent-calismalari-basladi\/","title":{"rendered":"Kraft Villa Kent \u00c7al\u0131\u015fmalar\u0131 Ba\u015flad\u0131"},"content":{"rendered":"<p>Kraft Mimarl\u0131k ve M\u00fchendislik taraf\u0131ndan, Af\u015fin Payamca Mevkiinde\u00a0 in\u015fa edilen 23 adet villadan olu\u015fan Kraft Villa Kent, \u00e7evre d\u00fczenlemesi \u00e7al\u0131\u015fmalar\u0131na ba\u015flad\u0131. Hay\u0131rl\u0131 u\u011furlu olsun. \u0130n\u015faat\u0131m\u0131z t\u00fcm h\u0131z\u0131yla devam ediyor.<\/p>\n","protected":false},"excerpt":{"rendered":"<p>Kraft Mimarl\u0131k ve M\u00fchendislik taraf\u0131ndan, Af\u015fin Payamca Mevkiinde\u00a0 in\u015fa edilen 23 adet villadan olu\u015fan Kraft Villa Kent, \u00e7evre d\u00fczenlemesi \u00e7al\u0131\u015fmalar\u0131na ba\u015flad\u0131. Hay\u0131rl\u0131 u\u011furlu olsun. \u0130n\u015faat\u0131m\u0131z t\u00fcm<span class=\"excerpt-hellip\"> [\u2026]<\/span><\/p>\n","protected":false},"author":1,"featured_media":483,"comment_status":"open","ping_status":"open","sticky":false,"template":"","format":"standard","meta":{"footnotes":""},"categories":[1],"tags":[],"class_list":["post-530","post","type-post","status-publish","format-standard","has-post-thumbnail","hentry","category-haberler"],"_links":{"self":[{"href":"https:\/\/www.kraftmimarlikinsaat.com\/mimarlik\/wp-json\/wp\/v2\/posts\/530","targetHints":{"allow":["GET"]}}],"collection":[{"href":"https:\/\/www.kraftmimarlikinsaat.com\/mimarlik\/wp-json\/wp\/v2\/posts"}],"about":[{"href":"https:\/\/www.kraftmimarlikinsaat.com\/mimarlik\/wp-json\/wp\/v2\/types\/post"}],"author":[{"embeddable":true,"href":"https:\/\/www.kraftmimarlikinsaat.com\/mimarlik\/wp-json\/wp\/v2\/users\/1"}],"replies":[{"embeddable":true,"href":"https:\/\/www.kraftmimarlikinsaat.com\/mimarlik\/wp-json\/wp\/v2\/comments?post=530"}],"version-history":[{"count":3,"href":"https:\/\/www.kraftmimarlikinsaat.com\/mimarlik\/wp-json\/wp\/v2\/posts\/530\/revisions"}],"predecessor-version":[{"id":557,"href":"https:\/\/www.kraftmimarlikinsaat.com\/mimarlik\/wp-json\/wp\/v2\/posts\/530\/revisions\/557"}],"wp:featuredmedia":[{"embeddable":true,"href":"https:\/\/www.kraftmimarlikinsaat.com\/mimarlik\/wp-json\/wp\/v2\/media\/483"}],"wp:attachment":[{"href":"https:\/\/www.kraftmimarlikinsaat.com\/mimarlik\/wp-json\/wp\/v2\/media?parent=530"}],"wp:term":[{"taxonomy":"category","embeddable":true,"href":"https:\/\/www.kraftmimarlikinsaat.com\/mimarlik\/wp-json\/wp\/v2\/categories?post=530"},{"taxonomy":"post_tag","embeddable":true,"href":"https:\/\/www.kraftmimarlikinsaat.com\/mimarlik\/wp-json\/wp\/v2\/tags?post=530"}],"curies":[{"name":"wp","href":"https:\/\/api.w.org\/{rel}","templated":true}]}}